{"id":1001,"date":"2026-09-01T09:18:04","date_gmt":"2026-09-01T09:18:04","guid":{"rendered":"https:\/\/pachnacecynamonem.pl\/?p=1001"},"modified":"2026-09-01T09:18:04","modified_gmt":"2026-09-01T09:18:04","slug":"milczace-patrycja-pelica","status":"publish","type":"post","link":"https:\/\/pachnacecynamonem.pl\/index.php\/2026\/09\/01\/milczace-patrycja-pelica\/","title":{"rendered":"&#8220;Milcz\u0105ce&#8221; &#8211; Patrycja Pelica"},"content":{"rendered":"\n<p class=\"wp-block-paragraph\">Mogli\u015bcie zauwa\u017cy\u0107, \u017ce od dawna mam s\u0142abo\u015b\u0107 do ksi\u0105\u017cek w klimacie folkowej grozy, dawnych wierze\u0144 i historii, w kt\u00f3rych granica mi\u0119dzy tym, co rzeczywiste, a tym, czego nie potrafimy wyja\u015bni\u0107, zaczyna si\u0119 zaciera\u0107. Dlatego, gdy zobaczy\u0142am, \u017ce wydawnictwo Replika dorzuci\u0142a na nasz ksi\u0105\u017ckowy rynek pozycj\u0119, kt\u00f3ra jest mieszank\u0105 krymina\u0142u i folkloru wiedzia\u0142am, \u017ce musz\u0119 po ni\u0105 si\u0119gn\u0105\u0107. <br><br>No i jeszcze taki smaczek &#8211;  akcja rozgrywa si\u0119 na Polesiu, w okolicach W\u0142odawy i Bugu, a to miejsca, w kt\u00f3rych dane mi by\u0142o dorasta\u0107.<\/p>\n\n\n\n<h2 class=\"wp-block-heading\">W\u0142odawa, kt\u00f3rej nie da si\u0119 zapomnie\u0107<\/h2>\n\n\n\n<p class=\"wp-block-paragraph\">\u201eMilcz\u0105ce\u201d przenosz\u0105 nas do W\u0142odawy w okresie mi\u0119dzywojennym. W tajemniczych okoliczno\u015bciach ginie m\u0142oda dziewczyna, a jej \u015bmier\u0107 szybko zaczyna obrasta\u0107 w opowie\u015bci o wodnych demonach i dawnych wierzeniach. Do miasteczka przybywa komisarz Eryk Maciejowski, kt\u00f3ry pr\u00f3buje spojrze\u0107 na spraw\u0119 przede wszystkim przez pryzmat fakt\u00f3w i dowod\u00f3w. Problem w tym, \u017ce mieszka\u0144cy \u017cyj\u0105 tutaj wed\u0142ug jasno okre\u015blonych zasad, a W\u0142odawa okazuje si\u0119 miejscem, w kt\u00f3rym nie wszystko da si\u0119 tak \u0142atwo wyja\u015bni\u0107. To w\u0142a\u015bnie ten klimat robi tutaj ca\u0142\u0105 robot\u0119.<\/p>\n\n\n\n<p class=\"wp-block-paragraph\">Sama W\u0142odawa jest naprawd\u0119 niesamowitym miejscem. Podmok\u0142e tereny, bagna, lasy i blisko\u015b\u0107 rzeki tworz\u0105 przestrze\u0144, kt\u00f3ra dzia\u0142a na wyobra\u017ani\u0119 i idealnie pasuje do tej historii. Czytaj\u0105c \u201eMilcz\u0105ce\u201d, sama zacz\u0119\u0142am t\u0119skni\u0107 za tymi terenami i mia\u0142am ochot\u0119 zobaczy\u0107 je zn\u00f3w na w\u0142asne oczy.<\/p>\n\n\n\n<h2 class=\"wp-block-heading\">Kiedy ludowe wierzenia przestaj\u0105 by\u0107 tylko opowie\u015bciami<\/h2>\n\n\n\n<p class=\"wp-block-paragraph\">Demony i magia dzia\u0142aj\u0105 tutaj wed\u0142ug okre\u015blonych, \u201elogicznych\u201d regu\u0142, do kt\u00f3rych trzeba si\u0119 dostosowa\u0107, je\u015bli chce si\u0119\u2026 prze\u017cy\u0107. Jedn\u0105 z nich jest zakaz wchodzenia do wody przed dniem \u015bw. Jana \u2013 wszystko po to, aby unikn\u0105\u0107 porwania przez wodnika do jego podwodnego kr\u00f3lestwa. Kiedy wi\u0119c dochodzi do \u015bmierci m\u0142odej dziewczyny, miejscowi nie dopuszczaj\u0105 do siebie w\u0142a\u015bciwie \u017cadnego innego wyja\u015bnienia. Dla nich odpowied\u017a jest oczywista \u2013 musia\u0142 zrobi\u0107 to stw\u00f3r z dawnych opowie\u015bci.<\/p>\n\n\n\n<p class=\"wp-block-paragraph\">I w\u0142a\u015bnie tutaj zaczyna si\u0119 co\u015b, co mo\u017ce nie\u017ale namiesza\u0107 czytelnikowi w g\u0142owie. Ja sama przez wi\u0119kszo\u015b\u0107 czasu nastawia\u0142am si\u0119 na logiczne wyja\u015bnienia, fakty i pr\u00f3b\u0119 znalezienia racjonalnego rozwi\u0105zania zagadki. Zako\u0144czenie nie jest jednak a\u017c tak oczywiste, jak mog\u0142oby si\u0119 pocz\u0105tkowo wydawa\u0107. I w\u0142a\u015bnie ta niepewno\u015b\u0107 bardzo mi si\u0119 podoba\u0142a. Jest w niej co\u015b diabelnie klimatycznego \u2013 bo nagle zaczynamy si\u0119 zastanawia\u0107, czy naprawd\u0119 wszystko da si\u0119 wyja\u015bni\u0107 rozumem.<\/p>\n\n\n\n<h2 class=\"wp-block-heading\">Styl, kt\u00f3ry pozwala wej\u015b\u0107 do \u015brodka tej historii<\/h2>\n\n\n\n<p class=\"wp-block-paragraph\">My\u015bl\u0119, \u017ce ju\u017c troch\u0119 m\u00f3j gust ksi\u0105\u017ckowy znacie. Mianowicie \u2013 uwielbiam opisy, zw\u0142aszcza te dotycz\u0105ce natury. I chyba w\u0142a\u015bnie dlatego tak bardzo spodoba\u0142 mi si\u0119 styl Patrycji Pelicy. Autorka pisze niezwykle obrazowo, dzi\u0119ki czemu naprawd\u0119 mo\u017cemy poczu\u0107 si\u0119 cz\u0119\u015bci\u0105 tej historii. Nie mam w\u0105tpliwo\u015bci, \u017ce kiedy zamkniecie t\u0119 ksi\u0105\u017ck\u0119, sami zaczniecie mie\u0107 ochot\u0119 wybra\u0107 si\u0119 na jakie\u015b odleg\u0142e moczary albo przej\u015b\u0107 si\u0119 po mglistym wrzosowisku.<\/p>\n\n\n\n<h2 class=\"wp-block-heading\">Czy warto przeczyta\u0107 \u201eMilcz\u0105ce\u201d?<\/h2>\n\n\n\n<p class=\"wp-block-paragraph\">\u201eMilcz\u0105ce\u201d to bardzo nastrojowa lektura, kt\u00f3ra zdecydowanie wyr\u00f3\u017cnia si\u0119 na polskim rynku krymina\u0142\u00f3w. Najbardziej kupi\u0142 mnie oczywi\u015bcie klimat \u2013 wilgotny, ci\u0119\u017cki, momentami wr\u0119cz duszny, jednocze\u015bnie troch\u0119 ba\u015bniowy. Do tego mamy konkretn\u0105 epok\u0119, W\u0142odaw\u0119, Bug, mokrad\u0142a i ludowe wierzenia, wi\u0119c naprawd\u0119 \u0142atwo by\u0142o mi wsi\u0105kn\u0105\u0107 w ten \u015bwiat.<\/p>\n\n\n\n<p class=\"wp-block-paragraph\">Je\u017celi lubicie krymina\u0142y historyczne, ludowe wierzenia, tajemnicze miejsca i historie balansuj\u0105ce gdzie\u015b pomi\u0119dzy tym, co racjonalne, a tym, czego nie potrafimy do ko\u0144ca wyja\u015bni\u0107, my\u015bl\u0119, \u017ce \u201eMilcz\u0105ce\u201d mog\u0105 Wam si\u0119 spodoba\u0107. <br><br><em>\/wpis powsta\u0142 we wsp\u00f3\u0142pracy z wydawnictwem Replika<\/em><\/p>\n\n\n\n<p class=\"wp-block-paragraph\"><\/p>\n","protected":false},"excerpt":{"rendered":"<p>Mogli\u015bcie zauwa\u017cy\u0107, \u017ce od dawna mam s\u0142abo\u015b\u0107 do ksi\u0105\u017cek w klimacie folkowej grozy, dawnych wierze\u0144 i historii, w kt\u00f3rych granica mi\u0119dzy tym, co rzeczywiste, a tym, czego nie potrafimy wyja\u015bni\u0107, zaczyna si\u0119 zaciera\u0107. Dlatego, gdy zobaczy\u0142am, \u017ce wydawnictwo Replika dorzuci\u0142a na nasz ksi\u0105\u017ckowy rynek pozycj\u0119, kt\u00f3ra jest mieszank\u0105 krymina\u0142u i folkloru wiedzia\u0142am, \u017ce musz\u0119 po&#8230;<\/p>\n","protected":false},"author":1,"featured_media":1002,"comment_status":"closed","ping_status":"open","sticky":false,"template":"","format":"standard","meta":{"_eb_attr":"","footnotes":""},"categories":[7],"tags":[],"class_list":["post-1001","post","type-post","status-publish","format-standard","has-post-thumbnail","hentry","category-mian-page"],"_links":{"self":[{"href":"https:\/\/pachnacecynamonem.pl\/index.php\/wp-json\/wp\/v2\/posts\/1001","targetHints":{"allow":["GET"]}}],"collection":[{"href":"https:\/\/pachnacecynamonem.pl\/index.php\/wp-json\/wp\/v2\/posts"}],"about":[{"href":"https:\/\/pachnacecynamonem.pl\/index.php\/wp-json\/wp\/v2\/types\/post"}],"author":[{"embeddable":true,"href":"https:\/\/pachnacecynamonem.pl\/index.php\/wp-json\/wp\/v2\/users\/1"}],"replies":[{"embeddable":true,"href":"https:\/\/pachnacecynamonem.pl\/index.php\/wp-json\/wp\/v2\/comments?post=1001"}],"version-history":[{"count":1,"href":"https:\/\/pachnacecynamonem.pl\/index.php\/wp-json\/wp\/v2\/posts\/1001\/revisions"}],"predecessor-version":[{"id":1003,"href":"https:\/\/pachnacecynamonem.pl\/index.php\/wp-json\/wp\/v2\/posts\/1001\/revisions\/1003"}],"wp:featuredmedia":[{"embeddable":true,"href":"https:\/\/pachnacecynamonem.pl\/index.php\/wp-json\/wp\/v2\/media\/1002"}],"wp:attachment":[{"href":"https:\/\/pachnacecynamonem.pl\/index.php\/wp-json\/wp\/v2\/media?parent=1001"}],"wp:term":[{"taxonomy":"category","embeddable":true,"href":"https:\/\/pachnacecynamonem.pl\/index.php\/wp-json\/wp\/v2\/categories?post=1001"},{"taxonomy":"post_tag","embeddable":true,"href":"https:\/\/pachnacecynamonem.pl\/index.php\/wp-json\/wp\/v2\/tags?post=1001"}],"curies":[{"name":"wp","href":"https:\/\/api.w.org\/{rel}","templated":true}]}}