{"id":745,"date":"2025-11-20T17:29:17","date_gmt":"2025-11-20T17:29:17","guid":{"rendered":"https:\/\/pachnacecynamonem.pl\/?p=745"},"modified":"2025-11-20T17:34:34","modified_gmt":"2025-11-20T17:34:34","slug":"czlowiek-z-dymu-alex-north","status":"publish","type":"post","link":"https:\/\/pachnacecynamonem.pl\/index.php\/2025\/11\/20\/czlowiek-z-dymu-alex-north\/","title":{"rendered":"&#8220;Cz\u0142owiek z dymu&#8221; &#8211; Alex North"},"content":{"rendered":"\n<h2 class=\"wp-block-heading\"><strong>Thriller, kt\u00f3ry wci\u0105ga jak mg\u0142a i d\u0142awi jak wspomnieni<\/strong>a<\/h2>\n\n\n\n<p>Alex North wraca w swojej najmocniejszej ods\u0142onie \u2014 tej, w kt\u00f3rej fabu\u0142a oczywi\u015bcie przera\u017ca, ale najwi\u0119kszy l\u0119k budzi to, co dzieje si\u0119 <strong>w cz\u0142owieku<\/strong>, a nie obok niego. \u201eCz\u0142owiek z dymu\u201d to thriller o seryjnym mordercy, lecz tak naprawd\u0119 to historia o pami\u0119ci, winie i tej jednej chwili, kt\u00f3ra potrafi zawa\u017cy\u0107 na ca\u0142ym naszym \u017cyciu.<\/p>\n\n\n\n<p>Dwunastoletni Dan Garvie widzi co\u015b, czego nigdy nie powinien by\u0142 zobaczy\u0107 \u2014 wychudzonego ch\u0142opca i m\u0119\u017cczyzn\u0119, kt\u00f3rego ka\u017cdy szczeg\u00f3\u0142 zdaje si\u0119 krzycze\u0107: <em>nie patrz, nie podchod\u017a, udawaj, \u017ce tego nie widzisz<\/em>. Strach parali\u017cuje Dana, a jego milczenie staje si\u0119 szybko ci\u0119\u017carem, kt\u00f3ry odciska na nim pi\u0119tno. <\/p>\n\n\n\n<hr class=\"wp-block-separator has-alpha-channel-opacity\"\/>\n\n\n\n<h2 class=\"wp-block-heading\"><strong>Wspomnienia wracaj\u0105 jak dym \u2014 powoli i dusz\u0105co<\/strong><\/h2>\n\n\n\n<p>Po latach Dan jest ju\u017c profilerem \u2014 cz\u0142owiekiem, kt\u00f3ry zawodowo zagl\u0105da w umys\u0142y potwor\u00f3w. Uspokaja go \u015bwiadomo\u015b\u0107, \u017ce ka\u017cdy zab\u00f3jca jest \u201etylko cz\u0142owiekiem\u201d. \u017be &#8220;monstrum&#8221; to poj\u0119cie wymy\u015blone, by nie patrze\u0107 prawdzie w oczy.<\/p>\n\n\n\n<p>A\u017c do dnia, gdy dostaje telefon z wyspy z informacj\u0105, \u017ce jego ojciec nie \u017cyje.<\/p>\n\n\n\n<p>Powr\u00f3t do rodzinnej miejscowo\u015bci przypomina przechodzenie przez spalon\u0105 ziemi\u0119. Ka\u017cdy krok odkrywa kolejne warstwy przemilczanej przesz\u0142o\u015bci. Dan dowiaduje si\u0119, \u017ce tu\u017c przed \u015bmierci\u0105 ojciec prowadzi\u0142 prywatne \u015bledztwo \u2014 obsesyjne, dok\u0142adne, wycelowane prosto w spraw\u0119 sprzed lat. I w ch\u0142opca, kt\u00f3rego Dan pami\u0119ta do dzi\u015b.<\/p>\n\n\n\n<p>Kiedy kolejne cia\u0142a zaczynaj\u0105 wychodzi\u0107 z mroku, staje si\u0119 jasne, \u017ce kto\u015b kontynuuje dzie\u0142o mordercy, kt\u00f3ry nigdy nie powinien by\u0142 m\u00f3c wr\u00f3ci\u0107. Kto\u015b, kto poluje na tych, kt\u00f3rzy zawiedli.<br>Kto\u015b, kto chce, by <strong>Dan tym razem patrzy\u0142<\/strong>.<\/p>\n\n\n\n<hr class=\"wp-block-separator has-alpha-channel-opacity\"\/>\n\n\n\n<h2 class=\"wp-block-heading\"><strong>Thriller o potworach, kt\u00f3re przybieraj\u0105 ludzkie kszta\u0142ty<\/strong><\/h2>\n\n\n\n<p>North pos\u0142uguje si\u0119 groz\u0105 jak cieniem \u2014 nie uderza w nas bezpo\u015brednio lecz po prostu otacza. Buduje atmosfer\u0119 tak g\u0119st\u0105, \u017ce ksi\u0105\u017ck\u0119 czyta si\u0119 z zapartym tchem. Jego historia nie jest jedynie zagadk\u0105 kryminaln\u0105; to opowie\u015b\u0107 o relacji ojca i syna, o tym, jak r\u00f3\u017cne s\u0105 ich sposoby radzenia sobie z traum\u0105, i jak \u0142atwo przegapi\u0107 czyj\u015b b\u00f3l, nawet gdy ta osoba stoi tu\u017c obok.<\/p>\n\n\n\n<hr class=\"wp-block-separator has-alpha-channel-opacity\"\/>\n\n\n\n<h2 class=\"wp-block-heading\"><strong>Czy warto?<\/strong><\/h2>\n\n\n\n<p>Zdecydowanie.<br>\u201eCz\u0142owiek z dymu\u201d to thriller duszny i przemy\u015blany  \u2014 nie tylko trzymaj\u0105cy w napi\u0119ciu, ale te\u017c zaskakuj\u0105co emocjonalny. North udowadnia, \u017ce najstraszniejsze nie jest to, co czai si\u0119 w ciemno\u015bci, ale to, co ludzie pr\u00f3buj\u0105 ukry\u0107 przed sob\u0105 samymi i wymaza\u0107 z pami\u0119ci.<\/p>\n\n\n\n<p>To ksi\u0105\u017cka, kt\u00f3r\u0105 mo\u017cna przeczyta\u0107 jednym tchem &#8211; echo tej historii jednak zostanie z czytelnikiem na d\u0142ugo.<br>Bo najwi\u0119ksze zagro\u017cenie, jak m\u00f3wi Dan, nigdy nie kryje si\u0119 w potworach.<br><strong>Zawsze w ludziach.<\/strong><\/p>\n","protected":false},"excerpt":{"rendered":"<p>Thriller, kt\u00f3ry wci\u0105ga jak mg\u0142a i d\u0142awi jak wspomnienia Alex North wraca w swojej najmocniejszej ods\u0142onie \u2014 tej, w kt\u00f3rej fabu\u0142a oczywi\u015bcie przera\u017ca, ale najwi\u0119kszy l\u0119k budzi to, co dzieje si\u0119 w cz\u0142owieku, a nie obok niego. \u201eCz\u0142owiek z dymu\u201d to thriller o seryjnym mordercy, lecz tak naprawd\u0119 to historia o pami\u0119ci, winie i tej&#8230;<\/p>\n","protected":false},"author":1,"featured_media":748,"comment_status":"closed","ping_status":"open","sticky":false,"template":"","format":"standard","meta":{"_eb_attr":"","footnotes":""},"categories":[7,1],"tags":[],"class_list":["post-745","post","type-post","status-publish","format-standard","has-post-thumbnail","hentry","category-mian-page","category-uncategorized"],"_links":{"self":[{"href":"https:\/\/pachnacecynamonem.pl\/index.php\/wp-json\/wp\/v2\/posts\/745","targetHints":{"allow":["GET"]}}],"collection":[{"href":"https:\/\/pachnacecynamonem.pl\/index.php\/wp-json\/wp\/v2\/posts"}],"about":[{"href":"https:\/\/pachnacecynamonem.pl\/index.php\/wp-json\/wp\/v2\/types\/post"}],"author":[{"embeddable":true,"href":"https:\/\/pachnacecynamonem.pl\/index.php\/wp-json\/wp\/v2\/users\/1"}],"replies":[{"embeddable":true,"href":"https:\/\/pachnacecynamonem.pl\/index.php\/wp-json\/wp\/v2\/comments?post=745"}],"version-history":[{"count":2,"href":"https:\/\/pachnacecynamonem.pl\/index.php\/wp-json\/wp\/v2\/posts\/745\/revisions"}],"predecessor-version":[{"id":750,"href":"https:\/\/pachnacecynamonem.pl\/index.php\/wp-json\/wp\/v2\/posts\/745\/revisions\/750"}],"wp:featuredmedia":[{"embeddable":true,"href":"https:\/\/pachnacecynamonem.pl\/index.php\/wp-json\/wp\/v2\/media\/748"}],"wp:attachment":[{"href":"https:\/\/pachnacecynamonem.pl\/index.php\/wp-json\/wp\/v2\/media?parent=745"}],"wp:term":[{"taxonomy":"category","embeddable":true,"href":"https:\/\/pachnacecynamonem.pl\/index.php\/wp-json\/wp\/v2\/categories?post=745"},{"taxonomy":"post_tag","embeddable":true,"href":"https:\/\/pachnacecynamonem.pl\/index.php\/wp-json\/wp\/v2\/tags?post=745"}],"curies":[{"name":"wp","href":"https:\/\/api.w.org\/{rel}","templated":true}]}}