{"id":853,"date":"2026-04-26T19:30:24","date_gmt":"2026-04-26T19:30:24","guid":{"rendered":"https:\/\/pachnacecynamonem.pl\/?p=853"},"modified":"2026-04-26T19:30:24","modified_gmt":"2026-04-26T19:30:24","slug":"monumental-adam-nevill","status":"publish","type":"post","link":"https:\/\/pachnacecynamonem.pl\/index.php\/2026\/04\/26\/monumental-adam-nevill\/","title":{"rendered":"&#8220;Monumental&#8221; &#8211; Adam Nevill"},"content":{"rendered":"\n<h2 class=\"wp-block-heading\">Groza krajobrazu: natura jako antagonistka<\/h2>\n\n\n\n<p>Powie\u015b\u0107 <em>Monumental<\/em> autorstwa Adama Nevilla wpisuje si\u0119 w rozwijan\u0105 od kilku lat strategi\u0119 tw\u00f3rcz\u0105 autora, polegaj\u0105c\u0105 na konsekwentnym osadzaniu grozy w konkretnym, silnie nacechowanym geograficznie pejza\u017cu Anglii. W tym uj\u0119ciu przestrze\u0144 nie jest jedynie t\u0142em wydarze\u0144, lecz aktywnym uczestnikiem narracji \u2014 dynamiczn\u0105, wrog\u0105 si\u0142\u0105 wsp\u00f3\u0142kszta\u0142tuj\u0105c\u0105 przebieg fabu\u0142y. Estuarium<strong> Wyrm Valley<\/strong>, ze swoj\u0105 zmienno\u015bci\u0105 p\u0142yw\u00f3w, b\u0142otnistymi r\u00f3wninami i zdegradowan\u0105 ro\u015blinno\u015bci\u0105, zostaje przedstawione jako \u015brodowisko graniczne, gdzie stabilno\u015b\u0107 cywilizacyjna ulega delikatnie m\u00f3wi\u0105c &#8211; zawieszeniu.<\/p>\n\n\n\n<p>Adam Nevill \u015bwiadomie dekonstruuje pastoralny mit angielskiej prowincji. Natura nie jawi si\u0119 tu jako idylliczna, lecz jako pierwotna i brutalna. Tym samym autor wpisuje si\u0119 w tradycj\u0119 folk horroru, jednocze\u015bnie j\u0105 aktualizuj\u0105c: zamiast nostalgii otrzymujemy wizj\u0119 krajobrazu jako przestrzeni przemocy i archaicznych si\u0142.<\/p>\n\n\n\n<hr class=\"wp-block-separator has-alpha-channel-opacity\"\/>\n\n\n\n<h2 class=\"wp-block-heading\">Narracja czasu rzeczywistego: intensyfikacja do\u015bwiadczenia<\/h2>\n\n\n\n<p>Jednym z najbardziej wyrazistych zabieg\u00f3w formalnych jest kompresja czasu narracji. Akcja rozgrywa si\u0119 w ci\u0105gu zaledwie kilkunastu godzin, co nadaje powie\u015bci rytm niemal\u017ce eksperymentu narracyjnego. Rozdzia\u0142y oznaczone konkretnymi godzinami pe\u0142ni\u0105 funkcj\u0119 nie tylko orientacyjn\u0105, ale i afektywn\u0105 \u2014 staj\u0105 si\u0119 odliczaniem do katastrofy.<\/p>\n\n\n\n<p>Ten zabieg przywodzi na my\u015bl struktury znane z literatury katastroficznej i survivalowej, gdzie czas staje si\u0119 zasobem r\u00f3wnie ograniczonym jak przestrze\u0144 czy bezpiecze\u0144stwo. W <em>Monumental<\/em> napi\u0119cie nie wynika wy\u0142\u0105cznie z obecno\u015bci zagro\u017cenia, lecz z jego nieuchronno\u015bci i narastaj\u0105cej intensywno\u015bci.<\/p>\n\n\n\n<hr class=\"wp-block-separator has-alpha-channel-opacity\"\/>\n\n\n\n<h2 class=\"wp-block-heading\">Antropologia strachu: mi\u0119dzy folklorem a kosmosem<\/h2>\n\n\n\n<p>Nevill rozwija charakterystyczn\u0105 dla siebie estetyk\u0119, \u0142\u0105cz\u0105c elementy lokalnego folkloru z motywami cosmic horroru. W powie\u015bci obecna jest sugestia istnienia pradawnych byt\u00f3w i rytua\u0142\u00f3w, kt\u00f3re wykraczaj\u0105 poza ludzkie rozumienie, co przywo\u0142uje echa tw\u00f3rczo\u015bci H. P. Lovecraft, ale tak\u017ce wcze\u015bniejszej tradycji brytyjskiej, reprezentowanej przez np Arthura Machena.<\/p>\n\n\n\n<p>Istotne jest jednak to, \u017ce autor nie rekonstruuje znanych mit\u00f3w, lecz buduje w\u0142asne uniwersum \u2014 sp\u00f3jne, cho\u0107 fragmentarycznie ujawniane. Groza wynika tu z niedopowiedzenia: byt centralny dla fabu\u0142y pozostaje cz\u0119\u015bciowo niewidoczny i nienazwany, co wzmacnia jego ontologiczn\u0105 obco\u015b\u0107.<\/p>\n\n\n\n<hr class=\"wp-block-separator has-alpha-channel-opacity\"\/>\n\n\n\n<h2 class=\"wp-block-heading\">Struktura spo\u0142eczna i rozpad wsp\u00f3lnoty<\/h2>\n\n\n\n<p>Grupa bohater\u00f3w \u2014 sze\u015bciu kajakarzy \u2014 stanowi mikrosystem spo\u0142eczny, kt\u00f3ry pod wp\u0142ywem ekstremalnych warunk\u00f3w ulega dezintegracji. Nevill celowo konstruuje postaci niejednoznaczne, cz\u0119sto antypatyczne, co utrudnia identyfikacj\u0119 czytelnika, ale zarazem zwi\u0119ksza realizm psychologiczny.<\/p>\n\n\n\n<p>Konflikty interpersonalne, ukryte napi\u0119cia i indywidualne motywacje zostaj\u0105 wystawione na pr\u00f3b\u0119 w sytuacji granicznej. W efekcie powie\u015b\u0107 mo\u017cna odczytywa\u0107 jako studium rozpadu nowoczesnej wsp\u00f3lnoty w obliczu si\u0142, kt\u00f3rych nie da si\u0119 kontrolowa\u0107 ani zracjonalizowa\u0107.<\/p>\n\n\n\n<hr class=\"wp-block-separator has-alpha-channel-opacity\"\/>\n\n\n\n<h2 class=\"wp-block-heading\">Kult i przemoc: powr\u00f3t archaicznych rytua\u0142\u00f3w<\/h2>\n\n\n\n<p>Motyw zamkni\u0119tej, quasi-religijnej spo\u0142eczno\u015bci funkcjonuj\u0105cej na obrze\u017cach cywilizacji stanowi jeden z kluczowych element\u00f3w narracji. Autor eksploruje tu tematyk\u0119 kult\u00f3w i odnowionych praktyk rytualnych, kt\u00f3re w powie\u015bci przybieraj\u0105 formy skrajnie brutalne i cielesne.<\/p>\n\n\n\n<p>Przemoc nie jest jedynie efektem ubocznym fabu\u0142y, lecz integralnym sk\u0142adnikiem przedstawionego \u015bwiata. Sceny maj\u0105 charakter niemal rze\u017aniczy, co wpisuje si\u0119 w estetyk\u0119 autora, znanego z intensywnego, somatycznego oddzia\u0142ywania na czytelnika. W tym sensie <em>Monumental<\/em> kontynuuje lini\u0119 obecnej w jego wcze\u015bniejszych utworach refleksji nad relacj\u0105 mi\u0119dzy sacrum a okrucie\u0144stwem.<\/p>\n\n\n\n<hr class=\"wp-block-separator has-alpha-channel-opacity\"\/>\n\n\n\n<h2 class=\"wp-block-heading\">Intertekstualno\u015b\u0107 i autorskie uniwersum<\/h2>\n\n\n\n<p>Powie\u015b\u0107 zawiera liczne odniesienia do wcze\u015bniejszych dzie\u0142 Nevilla, takich jak <em>The Reddening<\/em> czy <em>The Ritual<\/em>. Nie s\u0105 one jednak konieczne do zrozumienia fabu\u0142y, lecz pe\u0142ni\u0105 funkcj\u0119 <em><strong>easter eggs<\/strong><\/em> dla uwa\u017cnych czytelnik\u00f3w, buduj\u0105c wra\u017cenie sp\u00f3jnego, rozwijaj\u0105cego si\u0119 \u015bwiata przedstawionego.<\/p>\n\n\n\n<p>Ten zabieg mo\u017cna interpretowa\u0107 jako pr\u00f3b\u0119 stworzenia w\u0142asnego \u201emitologicznego regionu\u201d \u2014 analogicznego do literackiej przestrzeni wykreowanej przez np. Lovecrafta.<\/p>\n\n\n\n<hr class=\"wp-block-separator has-alpha-channel-opacity\"\/>\n\n\n\n<h2 class=\"wp-block-heading\">Konkluzja: wsp\u00f3\u0142czesny folk horror w nowej ods\u0142onie<\/h2>\n\n\n\n<p><em>Monumental<\/em> to powie\u015b\u0107, kt\u00f3ra \u0142\u0105czy formalno\u015b\u0107 z intensywno\u015bci\u0105 do\u015bwiadczenia czytelniczego. Autor odchodzi tu od bardziej rozbudowanych struktur fabularnych na rzecz narracji skondensowanej, niemal klaustrofobicznej, co okazuje si\u0119 zabiegiem niezwykle skutecznym.<\/p>\n\n\n\n<p>W efekcie otrzymujemy dzie\u0142o wpisuj\u0105ce si\u0119 w nurt wsp\u00f3\u0142czesnego horroru ludowego, lecz jednocze\u015bnie go redefiniuj\u0105ce \u2014 poprzez po\u0142\u0105czenie lokalno\u015bci z cosmic horrorem, realizmu z metafizyk\u0105 oraz narracyjnej prostoty z interpretacyjn\u0105 g\u0142\u0119bi\u0105. Ksi\u0105\u017cka nie tylko straszy, ale r\u00f3wnie\u017c stawia pytania o granice poznania, natur\u0119 wiary i cen\u0119, jak\u0105 cz\u0142owiek p\u0142aci za przekraczanie zakazanych przestrzeni.<\/p>\n\n\n\n<h2 class=\"wp-block-heading\">Osobista perspektywa: uznanie dla mistrza gatunku<\/h2>\n\n\n\n<p>Na zako\u0144czenie chcia\u0142abym jeszcze podkre\u015bli\u0107 wymiar odbiorczy tej powie\u015bci, kt\u00f3ry wykracza poza ch\u0142odn\u0105 analiz\u0119. <br><br>Tw\u00f3rczo\u015b\u0107 Adama Nevilla budzi we mnie autentyczne uznanie \u2014 przede wszystkim za konsekwencj\u0119 w rozwijaniu estetyki, kt\u00f3ra w literaturze wsp\u00f3\u0142czesnej bywa marginalizowana. Folk horror, jako nurt operuj\u0105cy na styku krajobrazu, folkloru i egzystencjalnego l\u0119ku, wci\u0105\u017c pozostaje niedoreprezentowany, a Nevill nie tylko go podtrzymuje, lecz tw\u00f3rczo redefiniuje. To w\u0142a\u015bnie za t\u0119 umiej\u0119tno\u015b\u0107 \u2014 \u0142\u0105czenia pierwotnej grozy z nowoczesn\u0105 narracj\u0105 \u2014 ceni\u0119 jego pisarstwo najbardziej. Jego powie\u015bci nie s\u0105 jedynie tekstami do przeczytania, lecz do\u015bwiadczeniami, kt\u00f3re rezonuj\u0105 d\u0142ugo po lekturze. W tym sensie mo\u017cna go postrzega\u0107 jako jednego z kluczowych wsp\u00f3\u0142czesnych przedstawicieli, je\u015bli nie wr\u0119cz centraln\u0105 figur\u0119, od kt\u00f3rej dzi\u015b wyznacza si\u0119 kierunki rozwoju folk horroru.<\/p>\n","protected":false},"excerpt":{"rendered":"<p>Groza krajobrazu: natura jako antagonistka Powie\u015b\u0107 Monumental autorstwa Adama Nevilla wpisuje si\u0119 w rozwijan\u0105 od kilku lat strategi\u0119 tw\u00f3rcz\u0105 autora, polegaj\u0105c\u0105 na konsekwentnym osadzaniu grozy w konkretnym, silnie nacechowanym geograficznie pejza\u017cu Anglii. W tym uj\u0119ciu przestrze\u0144 nie jest jedynie t\u0142em wydarze\u0144, lecz aktywnym uczestnikiem narracji \u2014 dynamiczn\u0105, wrog\u0105 si\u0142\u0105 wsp\u00f3\u0142kszta\u0142tuj\u0105c\u0105 przebieg fabu\u0142y. Estuarium Wyrm Valley,&#8230;<\/p>\n","protected":false},"author":1,"featured_media":854,"comment_status":"closed","ping_status":"open","sticky":false,"template":"","format":"standard","meta":{"_eb_attr":"","footnotes":""},"categories":[7,1],"tags":[],"class_list":["post-853","post","type-post","status-publish","format-standard","has-post-thumbnail","hentry","category-mian-page","category-uncategorized"],"_links":{"self":[{"href":"https:\/\/pachnacecynamonem.pl\/index.php\/wp-json\/wp\/v2\/posts\/853","targetHints":{"allow":["GET"]}}],"collection":[{"href":"https:\/\/pachnacecynamonem.pl\/index.php\/wp-json\/wp\/v2\/posts"}],"about":[{"href":"https:\/\/pachnacecynamonem.pl\/index.php\/wp-json\/wp\/v2\/types\/post"}],"author":[{"embeddable":true,"href":"https:\/\/pachnacecynamonem.pl\/index.php\/wp-json\/wp\/v2\/users\/1"}],"replies":[{"embeddable":true,"href":"https:\/\/pachnacecynamonem.pl\/index.php\/wp-json\/wp\/v2\/comments?post=853"}],"version-history":[{"count":1,"href":"https:\/\/pachnacecynamonem.pl\/index.php\/wp-json\/wp\/v2\/posts\/853\/revisions"}],"predecessor-version":[{"id":855,"href":"https:\/\/pachnacecynamonem.pl\/index.php\/wp-json\/wp\/v2\/posts\/853\/revisions\/855"}],"wp:featuredmedia":[{"embeddable":true,"href":"https:\/\/pachnacecynamonem.pl\/index.php\/wp-json\/wp\/v2\/media\/854"}],"wp:attachment":[{"href":"https:\/\/pachnacecynamonem.pl\/index.php\/wp-json\/wp\/v2\/media?parent=853"}],"wp:term":[{"taxonomy":"category","embeddable":true,"href":"https:\/\/pachnacecynamonem.pl\/index.php\/wp-json\/wp\/v2\/categories?post=853"},{"taxonomy":"post_tag","embeddable":true,"href":"https:\/\/pachnacecynamonem.pl\/index.php\/wp-json\/wp\/v2\/tags?post=853"}],"curies":[{"name":"wp","href":"https:\/\/api.w.org\/{rel}","templated":true}]}}